{"id":1246,"date":"2025-01-31T08:29:44","date_gmt":"2025-01-31T06:29:44","guid":{"rendered":"http:\/\/www.karwenka.at\/?p=1246"},"modified":"2025-02-19T16:12:53","modified_gmt":"2025-02-19T14:12:53","slug":"29-fruehjahrskonzert","status":"publish","type":"post","link":"http:\/\/www.karwenka.at\/?p=1246","title":{"rendered":"29. Fr\u00fchjahrskonzert"},"content":{"rendered":"<p>Liebe Fans und Freunde der Blaskapelle KARWENKA!<\/p>\n<p>Es ist uns eine gro\u00dfe Freude, unser 29. Fr\u00fchjahrskonzert ank\u00fcndigen zu d\u00fcrfen. Danke an unsere KollegInnen der Senseler Musikkapelle Volders, die unsere G\u00e4ste kulinarisch verw\u00f6hnen werden. Nach unserem Konzert spielen zum Ausklang die &#8220;Stammtischmusikanten&#8221; auf.<img loading=\"lazy\" decoding=\"async\" class=\"alignnone size-full wp-image-1251\" src=\"http:\/\/www.karwenka.at\/wp-content\/uploads\/2025\/01\/Flyer-Frueh-25-Volders.png\" alt=\"\" width=\"1038\" height=\"729\" srcset=\"http:\/\/www.karwenka.at\/wp-content\/uploads\/2025\/01\/Flyer-Frueh-25-Volders.png 1038w, http:\/\/www.karwenka.at\/wp-content\/uploads\/2025\/01\/Flyer-Frueh-25-Volders-300x211.png 300w, http:\/\/www.karwenka.at\/wp-content\/uploads\/2025\/01\/Flyer-Frueh-25-Volders-1024x719.png 1024w, http:\/\/www.karwenka.at\/wp-content\/uploads\/2025\/01\/Flyer-Frueh-25-Volders-768x539.png 768w, http:\/\/www.karwenka.at\/wp-content\/uploads\/2025\/01\/Flyer-Frueh-25-Volders-847x595.png 847w\" sizes=\"(max-width: 1038px) 100vw, 1038px\" \/><\/p>\n","protected":false},"excerpt":{"rendered":"<p>Liebe Fans und Freunde der Blaskapelle KARWENKA! Es ist uns eine gro\u00dfe Freude, unser 29. Fr\u00fchjahrskonzert ank\u00fcndigen zu d\u00fcrfen. Danke an unsere KollegInnen der Senseler Musikkapelle Volders, die unsere G\u00e4ste kulinarisch verw\u00f6hnen werden. Nach unserem Konzert spielen zum Ausklang die &#8220;Stammtischmusikanten&#8221; auf.<\/p>\n","protected":false},"author":2,"featured_media":0,"comment_status":"closed","ping_status":"open","sticky":false,"template":"","format":"standard","meta":{"footnotes":""},"categories":[1],"tags":[],"_links":{"self":[{"href":"http:\/\/www.karwenka.at\/index.php?rest_route=\/wp\/v2\/posts\/1246"}],"collection":[{"href":"http:\/\/www.karwenka.at\/index.php?rest_route=\/wp\/v2\/posts"}],"about":[{"href":"http:\/\/www.karwenka.at\/index.php?rest_route=\/wp\/v2\/types\/post"}],"author":[{"embeddable":true,"href":"http:\/\/www.karwenka.at\/index.php?rest_route=\/wp\/v2\/users\/2"}],"replies":[{"embeddable":true,"href":"http:\/\/www.karwenka.at\/index.php?rest_route=%2Fwp%2Fv2%2Fcomments&post=1246"}],"version-history":[{"count":3,"href":"http:\/\/www.karwenka.at\/index.php?rest_route=\/wp\/v2\/posts\/1246\/revisions"}],"predecessor-version":[{"id":1249,"href":"http:\/\/www.karwenka.at\/index.php?rest_route=\/wp\/v2\/posts\/1246\/revisions\/1249"}],"wp:attachment":[{"href":"http:\/\/www.karwenka.at\/index.php?rest_route=%2Fwp%2Fv2%2Fmedia&parent=1246"}],"wp:term":[{"taxonomy":"category","embeddable":true,"href":"http:\/\/www.karwenka.at\/index.php?rest_route=%2Fwp%2Fv2%2Fcategories&post=1246"},{"taxonomy":"post_tag","embeddable":true,"href":"http:\/\/www.karwenka.at\/index.php?rest_route=%2Fwp%2Fv2%2Ftags&post=1246"}],"curies":[{"name":"wp","href":"https:\/\/api.w.org\/{rel}","templated":true}]}}