{"id":729,"date":"2017-10-02T14:41:24","date_gmt":"2017-10-02T12:41:24","guid":{"rendered":"http:\/\/www.karwenka.at\/?p=729"},"modified":"2017-10-02T14:43:10","modified_gmt":"2017-10-02T12:43:10","slug":"cd-vorstellung-in-orf-radio-tirol","status":"publish","type":"post","link":"http:\/\/www.karwenka.at\/?p=729","title":{"rendered":"CD-Vorstellung in ORF Radio Tirol"},"content":{"rendered":"<p>Am Dienstag 03. Oktober 2017 stellt unser Kapellmeister und Obmann Walter Steinlechner unsere neue CD in <strong>ORF Radio Tirol <\/strong>vor! Der ausgewiesene Blasmusik-Kenner Moderator <strong>Peter Kostner<\/strong> hat ihn dazu eingeladen, in der Sendung <strong>&#8220;Tiroler Weis&#8221;<\/strong>, die um ca. 18:05 beginnt, unsere &#8220;Leckerbissen&#8221; in der zweiten Sendungsh\u00e4lfte (ab 18:30 Uhr) zu pr\u00e4sentieren &#8211; viel Spa\u00df dabei!<\/p>\n","protected":false},"excerpt":{"rendered":"<p>Am Dienstag 03. Oktober 2017 stellt unser Kapellmeister und Obmann Walter Steinlechner unsere neue CD in ORF Radio Tirol vor! Der ausgewiesene Blasmusik-Kenner Moderator Peter Kostner hat ihn dazu eingeladen, in der Sendung &#8220;Tiroler Weis&#8221;, die um ca. 18:05 beginnt, unsere &#8220;Leckerbissen&#8221; in der zweiten Sendungsh\u00e4lfte (ab 18:30 Uhr) zu pr\u00e4sentieren &#8211; viel Spa\u00df dabei!<\/p>\n","protected":false},"author":2,"featured_media":0,"comment_status":"closed","ping_status":"open","sticky":false,"template":"","format":"standard","meta":{"footnotes":""},"categories":[1],"tags":[],"_links":{"self":[{"href":"http:\/\/www.karwenka.at\/index.php?rest_route=\/wp\/v2\/posts\/729"}],"collection":[{"href":"http:\/\/www.karwenka.at\/index.php?rest_route=\/wp\/v2\/posts"}],"about":[{"href":"http:\/\/www.karwenka.at\/index.php?rest_route=\/wp\/v2\/types\/post"}],"author":[{"embeddable":true,"href":"http:\/\/www.karwenka.at\/index.php?rest_route=\/wp\/v2\/users\/2"}],"replies":[{"embeddable":true,"href":"http:\/\/www.karwenka.at\/index.php?rest_route=%2Fwp%2Fv2%2Fcomments&post=729"}],"version-history":[{"count":3,"href":"http:\/\/www.karwenka.at\/index.php?rest_route=\/wp\/v2\/posts\/729\/revisions"}],"predecessor-version":[{"id":732,"href":"http:\/\/www.karwenka.at\/index.php?rest_route=\/wp\/v2\/posts\/729\/revisions\/732"}],"wp:attachment":[{"href":"http:\/\/www.karwenka.at\/index.php?rest_route=%2Fwp%2Fv2%2Fmedia&parent=729"}],"wp:term":[{"taxonomy":"category","embeddable":true,"href":"http:\/\/www.karwenka.at\/index.php?rest_route=%2Fwp%2Fv2%2Fcategories&post=729"},{"taxonomy":"post_tag","embeddable":true,"href":"http:\/\/www.karwenka.at\/index.php?rest_route=%2Fwp%2Fv2%2Ftags&post=729"}],"curies":[{"name":"wp","href":"https:\/\/api.w.org\/{rel}","templated":true}]}}