{"id":737,"date":"2017-11-30T15:19:02","date_gmt":"2017-11-30T13:19:02","guid":{"rendered":"http:\/\/www.karwenka.at\/?p=737"},"modified":"2018-03-05T15:01:51","modified_gmt":"2018-03-05T13:01:51","slug":"winterpause-und-termintipp","status":"publish","type":"post","link":"http:\/\/www.karwenka.at\/?p=737","title":{"rendered":"Wir feiern Jubil\u00e4um!"},"content":{"rendered":"<p style=\"text-align: left\">Liebe Fans und Freunde der Blaskapelle KARWENKA!<\/p>\n<p style=\"text-align: left\">Wir freuen uns auf unser 25-Jahr-Jubil\u00e4um und laden Sie herzlich zum Besuch ein!<\/p>\n<h3 style=\"text-align: center\"><span style=\"color: #ff0000\"><b>Jubil\u00e4umskonzert 25 Jahre Blaskapelle KARWENKA = 25. Fr\u00fchjahrskonzert<\/b><\/span><\/h3>\n<h3 style=\"text-align: center\"><span style=\"color: #ff0000\"><b>Sonntag, 18.03.2018, 11:00 Uhr<\/b><\/span><\/h3>\n<h4 style=\"text-align: center\"><strong>ab 14:00 Uhr: Wattentaler Musikanten<\/strong><\/h4>\n<h4 style=\"text-align: center\">Mehrzwecksaal Vomp<br \/>\nEintritt: Freiwillige Spenden<\/h4>\n<h4 style=\"text-align: center\"><strong>Platzreservierungen per E-Mail an karwenka@gmx.at<\/strong><\/h4>\n<h3 style=\"text-align: center\"><strong>Weitere Informationen: <a href=\"http:\/\/www.karwenka.at\/wp-content\/uploads\/2017\/11\/Einladung-Jubil\u00e4umskonzert.pdf\">Einladung Jubil\u00e4umskonzert<\/a><\/strong><\/h3>\n","protected":false},"excerpt":{"rendered":"<p>Liebe Fans und Freunde der Blaskapelle KARWENKA! Wir freuen uns auf unser 25-Jahr-Jubil\u00e4um und laden Sie herzlich zum Besuch ein! Jubil\u00e4umskonzert 25 Jahre Blaskapelle KARWENKA = 25. Fr\u00fchjahrskonzert Sonntag, 18.03.2018, 11:00 Uhr ab 14:00 Uhr: Wattentaler Musikanten Mehrzwecksaal Vomp Eintritt: Freiwillige Spenden Platzreservierungen per E-Mail an karwenka@gmx.at Weitere Informationen: Einladung Jubil\u00e4umskonzert<\/p>\n","protected":false},"author":2,"featured_media":0,"comment_status":"closed","ping_status":"open","sticky":false,"template":"","format":"standard","meta":{"footnotes":""},"categories":[1],"tags":[],"_links":{"self":[{"href":"http:\/\/www.karwenka.at\/index.php?rest_route=\/wp\/v2\/posts\/737"}],"collection":[{"href":"http:\/\/www.karwenka.at\/index.php?rest_route=\/wp\/v2\/posts"}],"about":[{"href":"http:\/\/www.karwenka.at\/index.php?rest_route=\/wp\/v2\/types\/post"}],"author":[{"embeddable":true,"href":"http:\/\/www.karwenka.at\/index.php?rest_route=\/wp\/v2\/users\/2"}],"replies":[{"embeddable":true,"href":"http:\/\/www.karwenka.at\/index.php?rest_route=%2Fwp%2Fv2%2Fcomments&post=737"}],"version-history":[{"count":8,"href":"http:\/\/www.karwenka.at\/index.php?rest_route=\/wp\/v2\/posts\/737\/revisions"}],"predecessor-version":[{"id":749,"href":"http:\/\/www.karwenka.at\/index.php?rest_route=\/wp\/v2\/posts\/737\/revisions\/749"}],"wp:attachment":[{"href":"http:\/\/www.karwenka.at\/index.php?rest_route=%2Fwp%2Fv2%2Fmedia&parent=737"}],"wp:term":[{"taxonomy":"category","embeddable":true,"href":"http:\/\/www.karwenka.at\/index.php?rest_route=%2Fwp%2Fv2%2Fcategories&post=737"},{"taxonomy":"post_tag","embeddable":true,"href":"http:\/\/www.karwenka.at\/index.php?rest_route=%2Fwp%2Fv2%2Ftags&post=737"}],"curies":[{"name":"wp","href":"https:\/\/api.w.org\/{rel}","templated":true}]}}