{"id":900,"date":"2021-09-08T14:43:19","date_gmt":"2021-09-08T12:43:19","guid":{"rendered":"http:\/\/www.karwenka.at\/?p=900"},"modified":"2021-09-08T15:29:38","modified_gmt":"2021-09-08T13:29:38","slug":"daemmerschoppen-vomp-19-09-2021","status":"publish","type":"post","link":"http:\/\/www.karwenka.at\/?p=900","title":{"rendered":"D\u00e4mmerschoppen Vomp 19.09.2021"},"content":{"rendered":"<p>Am Sonntag\u00a0 19.09.2021 spielt die Blaskapelle KARWENKA einen D\u00e4mmerschoppen in Vomp anl\u00e4sslich der Er\u00f6ffnung der internationalen Wanderwoche der Silberregion Karwendl:<\/p>\n<p><strong>Gasthaus Pelikan \/ Pavillon, Dorfzentrum Vomp<\/strong><\/p>\n<p><strong>Sonntag 19.09.2021, 17:00 bis 20:00 Uhr<\/strong><\/p>\n<p><strong>Moderation: Hari Pr\u00fcnster<\/strong><\/p>\n<p><span style=\"color: #333333\"><strong><span style=\"font-size: 12pt\">Sitzplatz &#8211; Reservierungen beim GH Pelikan: Tel. +43 (0) <\/span><\/strong><\/span><a href=\"https:\/\/www.google.com\/search?client=firefox-b-d&amp;q=GH+Pelikan%2C+Vomp\"><span style=\"font-size: 12pt;color: #000000\"><span style=\"color: #333333\"><strong>52 42 \/ 63 2 83<\/strong><\/span><\/span><\/a><\/p>\n","protected":false},"excerpt":{"rendered":"<p>Am Sonntag\u00a0 19.09.2021 spielt die Blaskapelle KARWENKA einen D\u00e4mmerschoppen in Vomp anl\u00e4sslich der Er\u00f6ffnung der internationalen Wanderwoche der Silberregion Karwendl: Gasthaus Pelikan \/ Pavillon, Dorfzentrum Vomp Sonntag 19.09.2021, 17:00 bis 20:00 Uhr Moderation: Hari Pr\u00fcnster Sitzplatz &#8211; Reservierungen beim GH Pelikan: Tel. +43 (0) 52 42 \/ 63 2 83<\/p>\n","protected":false},"author":2,"featured_media":0,"comment_status":"closed","ping_status":"open","sticky":false,"template":"","format":"standard","meta":{"footnotes":""},"categories":[1],"tags":[],"_links":{"self":[{"href":"http:\/\/www.karwenka.at\/index.php?rest_route=\/wp\/v2\/posts\/900"}],"collection":[{"href":"http:\/\/www.karwenka.at\/index.php?rest_route=\/wp\/v2\/posts"}],"about":[{"href":"http:\/\/www.karwenka.at\/index.php?rest_route=\/wp\/v2\/types\/post"}],"author":[{"embeddable":true,"href":"http:\/\/www.karwenka.at\/index.php?rest_route=\/wp\/v2\/users\/2"}],"replies":[{"embeddable":true,"href":"http:\/\/www.karwenka.at\/index.php?rest_route=%2Fwp%2Fv2%2Fcomments&post=900"}],"version-history":[{"count":4,"href":"http:\/\/www.karwenka.at\/index.php?rest_route=\/wp\/v2\/posts\/900\/revisions"}],"predecessor-version":[{"id":904,"href":"http:\/\/www.karwenka.at\/index.php?rest_route=\/wp\/v2\/posts\/900\/revisions\/904"}],"wp:attachment":[{"href":"http:\/\/www.karwenka.at\/index.php?rest_route=%2Fwp%2Fv2%2Fmedia&parent=900"}],"wp:term":[{"taxonomy":"category","embeddable":true,"href":"http:\/\/www.karwenka.at\/index.php?rest_route=%2Fwp%2Fv2%2Fcategories&post=900"},{"taxonomy":"post_tag","embeddable":true,"href":"http:\/\/www.karwenka.at\/index.php?rest_route=%2Fwp%2Fv2%2Ftags&post=900"}],"curies":[{"name":"wp","href":"https:\/\/api.w.org\/{rel}","templated":true}]}}