{"id":911,"date":"2022-04-20T07:40:25","date_gmt":"2022-04-20T05:40:25","guid":{"rendered":"http:\/\/www.karwenka.at\/?p=911"},"modified":"2022-04-20T07:41:39","modified_gmt":"2022-04-20T05:41:39","slug":"navis-blaskapelle-karwenka-beim-bezirksmusikfest","status":"publish","type":"post","link":"http:\/\/www.karwenka.at\/?p=911","title":{"rendered":"Navis: Blaskapelle KARWENKA beim Bezirksmusikfest"},"content":{"rendered":"<p>Es ist uns eine gro\u00dfe Freude, den folgenden Termin ank\u00fcndigen zu d\u00fcrfen:<\/p>\n<p>Die Blaskapelle KARWENKA spielt am<\/p>\n<p><strong>Freitag 01. Juli 2022, ab 22:00 Uhr<\/strong><\/p>\n<p>im Anschluss an das Galakonzert der Polizeimusik Tirol beim <strong>Bezirksmusikfest in Navis<\/strong> auf! <a href=\"https:\/\/www.musikkapelle-navis.at\/\">https:\/\/www.musikkapelle-navis.at\/<\/a><\/p>\n","protected":false},"excerpt":{"rendered":"<p>Es ist uns eine gro\u00dfe Freude, den folgenden Termin ank\u00fcndigen zu d\u00fcrfen: Die Blaskapelle KARWENKA spielt am Freitag 01. Juli 2022, ab 22:00 Uhr im Anschluss an das Galakonzert der Polizeimusik Tirol beim Bezirksmusikfest in Navis auf! https:\/\/www.musikkapelle-navis.at\/<\/p>\n","protected":false},"author":2,"featured_media":0,"comment_status":"closed","ping_status":"open","sticky":false,"template":"","format":"standard","meta":{"footnotes":""},"categories":[1],"tags":[],"_links":{"self":[{"href":"http:\/\/www.karwenka.at\/index.php?rest_route=\/wp\/v2\/posts\/911"}],"collection":[{"href":"http:\/\/www.karwenka.at\/index.php?rest_route=\/wp\/v2\/posts"}],"about":[{"href":"http:\/\/www.karwenka.at\/index.php?rest_route=\/wp\/v2\/types\/post"}],"author":[{"embeddable":true,"href":"http:\/\/www.karwenka.at\/index.php?rest_route=\/wp\/v2\/users\/2"}],"replies":[{"embeddable":true,"href":"http:\/\/www.karwenka.at\/index.php?rest_route=%2Fwp%2Fv2%2Fcomments&post=911"}],"version-history":[{"count":2,"href":"http:\/\/www.karwenka.at\/index.php?rest_route=\/wp\/v2\/posts\/911\/revisions"}],"predecessor-version":[{"id":913,"href":"http:\/\/www.karwenka.at\/index.php?rest_route=\/wp\/v2\/posts\/911\/revisions\/913"}],"wp:attachment":[{"href":"http:\/\/www.karwenka.at\/index.php?rest_route=%2Fwp%2Fv2%2Fmedia&parent=911"}],"wp:term":[{"taxonomy":"category","embeddable":true,"href":"http:\/\/www.karwenka.at\/index.php?rest_route=%2Fwp%2Fv2%2Fcategories&post=911"},{"taxonomy":"post_tag","embeddable":true,"href":"http:\/\/www.karwenka.at\/index.php?rest_route=%2Fwp%2Fv2%2Ftags&post=911"}],"curies":[{"name":"wp","href":"https:\/\/api.w.org\/{rel}","templated":true}]}}